{"id":1870,"date":"2024-05-31T13:44:17","date_gmt":"2024-05-31T12:44:17","guid":{"rendered":"https:\/\/datatorq.io\/esprinter-desvelando-los-pros-y-los-contras-de-la-nueva-furgoneta-electrica-de-mercedes\/"},"modified":"2024-09-04T14:17:56","modified_gmt":"2024-09-04T13:17:56","slug":"esprinter-desvelando-los-pros-y-los-contras-de-la-nueva-furgoneta-electrica-de-mercedes","status":"publish","type":"post","link":"https:\/\/datatorq.wpcenter.io\/es\/esprinter-desvelando-los-pros-y-los-contras-de-la-nueva-furgoneta-electrica-de-mercedes\/","title":{"rendered":"eSprinter: Desvelando los pros y los contras de la nueva furgoneta el\u00e9ctrica de Mercedes"},"content":{"rendered":"\n<p class=\"wp-block-paragraph\">La nueva Mercedes-Benz eSprinter, un nuevo competidor en el mercado de las furgonetas el\u00e9ctricas de gran tama\u00f1o, sali\u00f3 de las l\u00edneas de producci\u00f3n a ambos lados del Atl\u00e1ntico a principios de este a\u00f1o.\nEsta versi\u00f3n totalmente el\u00e9ctrica de la popular furgoneta Sprinter promete una soluci\u00f3n sostenible para las empresas, con la misma versatilidad, capacidad de carga y tecnolog\u00edas avanzadas que su hermana diesel. <\/p>\n\n<p class=\"wp-block-paragraph\">Sin embargo, como ocurre con cualquier veh\u00edculo nuevo, la eSprinter presenta una mezcla \u00fanica de puntos fuertes y d\u00e9biles.\nPara ayudarte a decidir si es la opci\u00f3n adecuada para tu flota, analicemos sus caracter\u00edsticas clave y sus posibles inconvenientes. <\/p>\n\n<figure class=\"wp-block-image size-large\"><img loading=\"lazy\" decoding=\"async\" width=\"1024\" height=\"558\" src=\"https:\/\/datatorq.wpcenter.io\/wp-content\/uploads\/2024\/06\/Screenshot-2024-06-06-at-10.05.09-1024x558.png\" alt=\"\" class=\"wp-image-1319\" srcset=\"https:\/\/datatorq.wpcenter.io\/wp-content\/uploads\/2024\/06\/Screenshot-2024-06-06-at-10.05.09-1024x558.png 1024w, https:\/\/datatorq.wpcenter.io\/wp-content\/uploads\/2024\/06\/Screenshot-2024-06-06-at-10.05.09-300x164.png 300w, https:\/\/datatorq.wpcenter.io\/wp-content\/uploads\/2024\/06\/Screenshot-2024-06-06-at-10.05.09-768x419.png 768w, https:\/\/datatorq.wpcenter.io\/wp-content\/uploads\/2024\/06\/Screenshot-2024-06-06-at-10.05.09-1536x838.png 1536w, https:\/\/datatorq.wpcenter.io\/wp-content\/uploads\/2024\/06\/Screenshot-2024-06-06-at-10.05.09-2048x1117.png 2048w\" sizes=\"(max-width: 1024px) 100vw, 1024px\" \/><\/figure>\n\n<h2 class=\"wp-block-heading\">Novedades<\/h2>\n\n<ul class=\"wp-block-list\">\n<li><strong>Opciones de bater\u00eda de fosfato de hierro y litio (LFP):<\/strong><ul><li><em>Disponible en tres capacidades:<\/em> 56 kWh, 81 kWh y 113 kWh.<\/li><\/ul><ul><li><em>La mayor variedad del mercado:<\/em> La mayor\u00eda de los competidores s\u00f3lo ofrecen una opci\u00f3n de bater\u00eda de iones de litio.\nPor ejemplo, el eTransit tiene una bater\u00eda de 68 kWh, mientras que los modelos Stellantis est\u00e1n equipados con una bater\u00eda de 110 kWh.\nMaxus eDeliver9 tambi\u00e9n ofrece tres capacidades de bater\u00eda, mientras que la nueva Master E-Tech viene en 2 opciones, pero ninguna tiene la opci\u00f3n de la grande, de m\u00e1s de 100 kWh de capacidad (52 kWh, 72 kWh y 88 kWh para la primera, 40 kWh y 87 kWh para la segunda)  <\/li><\/ul>\n<ul class=\"wp-block-list\">\n<li><em>Respetuosas con el medio ambiente:<\/em> Las bater\u00edas LFP son m\u00e1s respetuosas con el medio ambiente, con una huella de fabricaci\u00f3n menor y una vida \u00fatil m\u00e1s larga que las bater\u00edas de iones de litio tradicionales.\nPueden soportar hasta cuatro veces m\u00e1s ciclos de carga durante su vida \u00fatil. <\/li>\n<\/ul>\n<\/li>\n\n\n\n<li><strong>Tecnolog\u00eda de carga mejorada<\/strong>: La eSprinter puede cargarse ahora tanto con corriente alterna (11 kW CA) como con corriente continua (50 kW CC), que son m\u00e1s r\u00e1pidas que las capacidades del modelo pre-facelift de 7,4 kW (CA) y 20 kW (CC).<\/li>\n\n\n\n<li><strong>Nuevos motores m\u00e1s potentes:<\/strong> equipados con motores de 100 kW (136 CV) o 150 kW (204 CV).\nEn comparaci\u00f3n, competidores como Ford y Stellantis ofrecen motores m\u00e1s potentes de 270 CV en sus modelos de furgoneta pesada el\u00e9ctrica. <\/li>\n\n\n\n<li><strong>Tres<\/strong> <strong>niveles de acabado<\/strong>: BASE, PRO y SELECT.\nLas especificaciones son en gran medida uniformes en los pa\u00edses europeos donde se vende. <\/li>\n<\/ul>\n\n<figure class=\"wp-block-table\"><table><thead><tr><th>Especificaciones<\/th><th class=\"has-text-align-center\" data-align=\"center\">Base**<\/th><th class=\"has-text-align-center\" data-align=\"center\">Pro<\/th><th class=\"has-text-align-center\" data-align=\"center\">Selecciona<\/th><\/tr><\/thead><tbody><tr><td>Airbag del acompa\u00f1ante*.<\/td><td class=\"has-text-align-center\" data-align=\"center\">\u2705<\/td><td class=\"has-text-align-center\" data-align=\"center\">\u2705<\/td><td class=\"has-text-align-center\" data-align=\"center\">\u2705<\/td><\/tr><tr><td>Caracter\u00edsticas de seguridad del GSR2<\/td><td class=\"has-text-align-center\" data-align=\"center\">\u2705<\/td><td class=\"has-text-align-center\" data-align=\"center\">\u2705<\/td><td class=\"has-text-align-center\" data-align=\"center\">\u2705<\/td><\/tr><tr><td>Revestimiento de pl\u00e1stico del suelo del maletero*.<\/td><td class=\"has-text-align-center\" data-align=\"center\">\u2705<\/td><td class=\"has-text-align-center\" data-align=\"center\">\u2705<\/td><td class=\"has-text-align-center\" data-align=\"center\">\u2705<\/td><\/tr><tr><td>Luces LED en el maletero*.<\/td><td class=\"has-text-align-center\" data-align=\"center\">\u2705<\/td><td class=\"has-text-align-center\" data-align=\"center\">\u2705<\/td><td class=\"has-text-align-center\" data-align=\"center\">\u2705<\/td><\/tr><tr><td>Tempomat (Control de crucero)*<\/td><td class=\"has-text-align-center\" data-align=\"center\">\u2705<\/td><td class=\"has-text-align-center\" data-align=\"center\">\u2705<\/td><td class=\"has-text-align-center\" data-align=\"center\">\u2705<\/td><\/tr><tr><td>Sistema Mbux con pantalla t\u00e1ctil de 10,25*.<\/td><td class=\"has-text-align-center\" data-align=\"center\">\u2705<\/td><td class=\"has-text-align-center\" data-align=\"center\">\u2705<\/td><td class=\"has-text-align-center\" data-align=\"center\">\u2705<\/td><\/tr><tr><td>Cuadro de instrumentos en color<\/td><td class=\"has-text-align-center\" data-align=\"center\">\u2705<\/td><td class=\"has-text-align-center\" data-align=\"center\">\u2705<\/td><td class=\"has-text-align-center\" data-align=\"center\">\u2705<\/td><\/tr><tr><td>A\/A Tempmatic<\/td><td class=\"has-text-align-center\" data-align=\"center\"><\/td><td class=\"has-text-align-center\" data-align=\"center\">\u2705<\/td><td class=\"has-text-align-center\" data-align=\"center\">\u2705<\/td><\/tr><tr><td>5V USB<\/td><td class=\"has-text-align-center\" data-align=\"center\"><\/td><td class=\"has-text-align-center\" data-align=\"center\">\u2705<\/td><td class=\"has-text-align-center\" data-align=\"center\">\u2705<\/td><\/tr><tr><td>Volante regulable en altura y profundidad<\/td><td class=\"has-text-align-center\" data-align=\"center\"><\/td><td class=\"has-text-align-center\" data-align=\"center\">\u2705<\/td><td class=\"has-text-align-center\" data-align=\"center\">\u2705<\/td><\/tr><tr><td>Faros LED<\/td><td class=\"has-text-align-center\" data-align=\"center\"><\/td><td class=\"has-text-align-center\" data-align=\"center\"><\/td><td class=\"has-text-align-center\" data-align=\"center\">\u2705<\/td><\/tr><tr><td>Asistente de luz de carretera<\/td><td class=\"has-text-align-center\" data-align=\"center\"><\/td><td class=\"has-text-align-center\" data-align=\"center\"><\/td><td class=\"has-text-align-center\" data-align=\"center\">\u2705<\/td><\/tr><tr><td>Paquete de carga<\/td><td class=\"has-text-align-center\" data-align=\"center\"><\/td><td class=\"has-text-align-center\" data-align=\"center\"><\/td><td class=\"has-text-align-center\" data-align=\"center\">\u2705<\/td><\/tr><tr><td>Volante de cuero<\/td><td class=\"has-text-align-center\" data-align=\"center\"><\/td><td class=\"has-text-align-center\" data-align=\"center\"><\/td><td class=\"has-text-align-center\" data-align=\"center\">\u2705<\/td><\/tr><\/tbody><\/table><\/figure>\n\n<div class=\"wp-block-group is-layout-constrained wp-block-group-is-layout-constrained\">\n<p class=\"has-small-font-size wp-block-paragraph\"><em>*Nuevo equipamiento frente al modelo antiguo<\/em><br\/><em>**Nota: El acabado base no est\u00e1 disponible en Francia, Reino Unido, Espa\u00f1a, Pa\u00edses Bajos y Polonia.<\/em><\/p>\n<\/div>\n\n<ul class=\"wp-block-list\">\n<li><strong>Funciones de seguridad mejoradas:<\/strong> Mercedes, como muchos otros fabricantes, aprovech\u00f3 el lavado de cara del modelo para a\u00f1adir las caracter\u00edsticas de seguridad exigidas por <strong>la normativa GSR2<\/strong>:<ul><li>Asistencia activa en frenada<\/li><\/ul>\n<ul class=\"wp-block-list\">\n<li>Asistencia activa de mantenimiento de carril<\/li>\n\n\n\n<li>Asistente de \u00e1ngulo muerto (incluye alerta de tr\u00e1fico cruzado trasero)<\/li>\n\n\n\n<li>Asistente de velocidad inteligente<\/li>\n\n\n\n<li>C\u00e1mara trasera<\/li>\n\n\n\n<li>Asistencia a la atenci\u00f3n del conductor<\/li>\n\n\n\n<li>Sistema de control de la presi\u00f3n de los neum\u00e1ticos<\/li>\n<\/ul>\n<\/li>\n\n\n\n<li><strong>Tracci\u00f3n trasera (RWD) &#8211;<\/strong> A diferencia del anterior modelo con tracci\u00f3n delantera (FWD), la nueva eSprinter RWD ofrece una mejor distribuci\u00f3n del peso y estabilidad de esta gran furgoneta.\nA ello contribuye tambi\u00e9n el enfoque modular de la transmisi\u00f3n de Mercedes-Benz, que sit\u00faa la electr\u00f3nica en la parte delantera, el motor en la trasera y la bater\u00eda en medio.\nLa eTransit de Ford es la \u00fanica otra furgoneta el\u00e9ctrica pesada que ofrece versiones con tracci\u00f3n trasera.  <\/li>\n\n\n\n<li><strong>Peso Bruto del Veh\u00edculo (PBV):<\/strong> oscila entre 3,5t y 4,25t, con dos opciones intermedias de 4,1t y 4,15t.<\/li>\n<\/ul>\n\n<h2 class=\"wp-block-heading\">Puntos fuertes<\/h2>\n\n<ul class=\"wp-block-list\">\n<li><strong>Centro de gravedad bajo:<\/strong> proporciona una mejor tracci\u00f3n inicial en superficies resbaladizas y la calidad de construcci\u00f3n minimiza el ruido de la carretera, un aspecto crucial para los veh\u00edculos el\u00e9ctricos.<\/li>\n\n\n\n<li><strong>Modos de Conducci\u00f3n y Recuperaci\u00f3n:<\/strong> Ofrece tres modos de conducci\u00f3n (M\u00e1xima Autonom\u00eda, Econ\u00f3mico y Confort) y cuatro modos de recuperaci\u00f3n manual (de D++ a D-), adem\u00e1s del eficiente D Auto.<\/li>\n\n\n\n<li><strong>Equipamiento opcional:<\/strong> Una amplia gama de equipamientos opcionales incluye, entre otros, puertas correderas el\u00e9ctricas, mamparo con puerta corredera o espejo retrovisor digital.<\/li>\n\n\n\n<li><strong>Autonom\u00eda el\u00e9ctrica:<\/strong> La bater\u00eda m\u00e1s grande de 113 kWh proporciona hasta 440 km con una sola carga (Ciclo Combinado WLTP), casi el triple de autonom\u00eda que su predecesora.\nLas furgonetas pesadas el\u00e9ctricas de Stellantis ofrecen autonom\u00edas cercanas, aunque ligeramente inferiores a 400 km, mientras que la nueva Master E-Tech promete una autonom\u00eda de 460 km WLTP con una bater\u00eda m\u00e1s peque\u00f1a. <\/li>\n<\/ul>\n\n<h2 class=\"wp-block-heading\">Puntos d\u00e9biles<\/h2>\n\n<ul class=\"wp-block-list\">\n<li><strong>Capacidad de carga<\/strong> de <strong>CC:<\/strong> la capacidad de carga de CC est\u00e1ndar de 50 kW es inferior a la de los competidores.\neTransit ofrece una capacidad de carga r\u00e1pida de 115 kW CC, que recarga hasta el 80% en 34 minutos, mientras que los nuevos modelos de Stellantis, como Fiat e-Ducato o Peugeot e-Boxer, ofrecen una carga r\u00e1pida de 150 kW CC.\nLa capacidad de carga de 115 kW CC de eSprinter es opcional.  <\/li>\n\n\n\n<li><strong>Equipamiento de serie limitado:<\/strong> en comparaci\u00f3n con los modelos EV de la competencia, con un equipamiento m\u00e1s completo, el eSprinter no ofrece de serie caracter\u00edsticas importantes:<ul><li>El eSprinter carece de un panel digital completo, una funci\u00f3n de serie en las nuevas furgonetas StellantisEl sistema de infoentretenimiento MBUX carece de conectividad con aplicaciones m\u00f3viles, una funci\u00f3n disponible en los modelos eTransit, eDeliver9 y Stellantis<\/li><\/ul>\n<ul class=\"wp-block-list\">\n<li>Las versiones BASE no incluyen sistema de aire acondicionado<\/li>\n<\/ul>\n<\/li>\n<\/ul>\n\n<p class=\"wp-block-paragraph\">En general, el nuevo eSprinter es una mejora significativa respecto a su versi\u00f3n anterior al lavado de cara en t\u00e9rminos de tren motriz y capacidad de la bater\u00eda.\nEs un fuerte competidor entre la renovada gama de VE el\u00e9ctricos, a pesar de sus pocos puntos d\u00e9biles. <\/p>\n\n<p class=\"wp-block-paragraph\">\u00bfQuieres un an\u00e1lisis en profundidad del equipamiento y la gama de precios de eSprinter en tu mercado?  <\/p>\n\n\n<a class=\"is-layout-flex wp-block-buttons-is-layout-flex\" href=\"https:\/\/datatorq.wpcenter.io\/es\/contactanos\/\">Ponte en contacto hoy<\/a>\n\n","protected":false},"excerpt":{"rendered":"<p>La nueva Mercedes-Benz eSprinter, un nuevo competidor en el mercado de las furgonetas el\u00e9ctricas de gran tama\u00f1o, sali\u00f3 de las l\u00edneas de producci\u00f3n a ambos lados del Atl\u00e1ntico a principios de este a\u00f1o. Esta versi\u00f3n totalmente el\u00e9ctrica de la popular furgoneta Sprinter promete una soluci\u00f3n sostenible para las empresas, con la misma versatilidad, capacidad de [&hellip;]<\/p>\n","protected":false},"author":7,"featured_media":1624,"comment_status":"open","ping_status":"open","sticky":false,"template":"","format":"standard","meta":{"_acf_changed":false,"footnotes":""},"categories":[22],"tags":[41],"class_list":["post-1870","post","type-post","status-publish","format-standard","has-post-thumbnail","hentry","category-insights","tag-mercedes"],"acf":[],"yoast_head":"<!-- This site is optimized with the Yoast SEO plugin v28.1 - https:\/\/yoast.com\/product\/yoast-seo-wordpress\/ -->\n<title>eSprinter: Desvelando los pros y los contras de la nueva furgoneta el\u00e9ctrica de Mercedes - Datatorq.io<\/title>\n<meta name=\"description\" content=\"El nuevo Mercedes-Benz eSprinter presenta una mezcla \u00fanica de puntos fuertes y d\u00e9biles. Para ayudarte a decidir si es la opci\u00f3n adecuada para tu flota, analicemos sus caracter\u00edsticas clave y sus posibles inconvenientes.\" \/>\n<meta name=\"robots\" content=\"noindex, follow, max-snippet:-1, max-image-preview:large, max-video-preview:-1\" \/>\n<meta property=\"og:locale\" content=\"es_ES\" \/>\n<meta property=\"og:type\" content=\"article\" \/>\n<meta property=\"og:title\" content=\"eSprinter: Desvelando los pros y los contras de la nueva furgoneta el\u00e9ctrica de Mercedes - Datatorq.io\" \/>\n<meta property=\"og:description\" content=\"El nuevo Mercedes-Benz eSprinter presenta una mezcla \u00fanica de puntos fuertes y d\u00e9biles. Para ayudarte a decidir si es la opci\u00f3n adecuada para tu flota, analicemos sus caracter\u00edsticas clave y sus posibles inconvenientes.\" \/>\n<meta property=\"og:url\" content=\"https:\/\/datatorq.wpcenter.io\/es\/esprinter-desvelando-los-pros-y-los-contras-de-la-nueva-furgoneta-electrica-de-mercedes\/\" \/>\n<meta property=\"og:site_name\" content=\"Datatorq.io\" \/>\n<meta property=\"article:published_time\" content=\"2024-05-31T12:44:17+00:00\" \/>\n<meta property=\"article:modified_time\" content=\"2024-09-04T13:17:56+00:00\" \/>\n<meta property=\"og:image\" content=\"https:\/\/datatorq.wpcenter.io\/wp-content\/uploads\/2024\/05\/preview-928x522-1.jpg\" \/>\n\t<meta property=\"og:image:width\" content=\"928\" \/>\n\t<meta property=\"og:image:height\" content=\"619\" \/>\n\t<meta property=\"og:image:type\" content=\"image\/jpeg\" \/>\n<meta name=\"author\" content=\"Polat\" \/>\n<meta name=\"twitter:card\" content=\"summary_large_image\" \/>\n<meta name=\"twitter:label1\" content=\"Escrito por\" \/>\n\t<meta name=\"twitter:data1\" content=\"Polat\" \/>\n\t<meta name=\"twitter:label2\" content=\"Tiempo de lectura\" \/>\n\t<meta name=\"twitter:data2\" content=\"5 minutos\" \/>\n<script type=\"application\/ld+json\" class=\"yoast-schema-graph\">{\"@context\":\"https:\\\/\\\/schema.org\",\"@graph\":[{\"@type\":\"Article\",\"@id\":\"https:\\\/\\\/datatorq.wpcenter.io\\\/es\\\/esprinter-desvelando-los-pros-y-los-contras-de-la-nueva-furgoneta-electrica-de-mercedes\\\/#article\",\"isPartOf\":{\"@id\":\"https:\\\/\\\/datatorq.wpcenter.io\\\/es\\\/esprinter-desvelando-los-pros-y-los-contras-de-la-nueva-furgoneta-electrica-de-mercedes\\\/\"},\"author\":{\"name\":\"Polat\",\"@id\":\"https:\\\/\\\/datatorq.wpcenter.io\\\/es\\\/#\\\/schema\\\/person\\\/5a328b28488164088527d7a227b04440\"},\"headline\":\"eSprinter: Desvelando los pros y los contras de la nueva furgoneta el\u00e9ctrica de Mercedes\",\"datePublished\":\"2024-05-31T12:44:17+00:00\",\"dateModified\":\"2024-09-04T13:17:56+00:00\",\"mainEntityOfPage\":{\"@id\":\"https:\\\/\\\/datatorq.wpcenter.io\\\/es\\\/esprinter-desvelando-los-pros-y-los-contras-de-la-nueva-furgoneta-electrica-de-mercedes\\\/\"},\"wordCount\":1062,\"commentCount\":0,\"publisher\":{\"@id\":\"https:\\\/\\\/datatorq.wpcenter.io\\\/es\\\/#organization\"},\"image\":{\"@id\":\"https:\\\/\\\/datatorq.wpcenter.io\\\/es\\\/esprinter-desvelando-los-pros-y-los-contras-de-la-nueva-furgoneta-electrica-de-mercedes\\\/#primaryimage\"},\"thumbnailUrl\":\"https:\\\/\\\/datatorq.wpcenter.io\\\/wp-content\\\/uploads\\\/2024\\\/05\\\/preview-928x522-1.jpg\",\"keywords\":[\"Mercedes\"],\"articleSection\":[\"Insights\"],\"inLanguage\":\"es\",\"potentialAction\":[{\"@type\":\"CommentAction\",\"name\":\"Comment\",\"target\":[\"https:\\\/\\\/datatorq.wpcenter.io\\\/es\\\/esprinter-desvelando-los-pros-y-los-contras-de-la-nueva-furgoneta-electrica-de-mercedes\\\/#respond\"]}]},{\"@type\":\"WebPage\",\"@id\":\"https:\\\/\\\/datatorq.wpcenter.io\\\/es\\\/esprinter-desvelando-los-pros-y-los-contras-de-la-nueva-furgoneta-electrica-de-mercedes\\\/\",\"url\":\"https:\\\/\\\/datatorq.wpcenter.io\\\/es\\\/esprinter-desvelando-los-pros-y-los-contras-de-la-nueva-furgoneta-electrica-de-mercedes\\\/\",\"name\":\"eSprinter: Desvelando los pros y los contras de la nueva furgoneta el\u00e9ctrica de Mercedes - Datatorq.io\",\"isPartOf\":{\"@id\":\"https:\\\/\\\/datatorq.wpcenter.io\\\/es\\\/#website\"},\"primaryImageOfPage\":{\"@id\":\"https:\\\/\\\/datatorq.wpcenter.io\\\/es\\\/esprinter-desvelando-los-pros-y-los-contras-de-la-nueva-furgoneta-electrica-de-mercedes\\\/#primaryimage\"},\"image\":{\"@id\":\"https:\\\/\\\/datatorq.wpcenter.io\\\/es\\\/esprinter-desvelando-los-pros-y-los-contras-de-la-nueva-furgoneta-electrica-de-mercedes\\\/#primaryimage\"},\"thumbnailUrl\":\"https:\\\/\\\/datatorq.wpcenter.io\\\/wp-content\\\/uploads\\\/2024\\\/05\\\/preview-928x522-1.jpg\",\"datePublished\":\"2024-05-31T12:44:17+00:00\",\"dateModified\":\"2024-09-04T13:17:56+00:00\",\"description\":\"El nuevo Mercedes-Benz eSprinter presenta una mezcla \u00fanica de puntos fuertes y d\u00e9biles. Para ayudarte a decidir si es la opci\u00f3n adecuada para tu flota, analicemos sus caracter\u00edsticas clave y sus posibles inconvenientes.\",\"breadcrumb\":{\"@id\":\"https:\\\/\\\/datatorq.wpcenter.io\\\/es\\\/esprinter-desvelando-los-pros-y-los-contras-de-la-nueva-furgoneta-electrica-de-mercedes\\\/#breadcrumb\"},\"inLanguage\":\"es\",\"potentialAction\":[{\"@type\":\"ReadAction\",\"target\":[\"https:\\\/\\\/datatorq.wpcenter.io\\\/es\\\/esprinter-desvelando-los-pros-y-los-contras-de-la-nueva-furgoneta-electrica-de-mercedes\\\/\"]}]},{\"@type\":\"ImageObject\",\"inLanguage\":\"es\",\"@id\":\"https:\\\/\\\/datatorq.wpcenter.io\\\/es\\\/esprinter-desvelando-los-pros-y-los-contras-de-la-nueva-furgoneta-electrica-de-mercedes\\\/#primaryimage\",\"url\":\"https:\\\/\\\/datatorq.wpcenter.io\\\/wp-content\\\/uploads\\\/2024\\\/05\\\/preview-928x522-1.jpg\",\"contentUrl\":\"https:\\\/\\\/datatorq.wpcenter.io\\\/wp-content\\\/uploads\\\/2024\\\/05\\\/preview-928x522-1.jpg\",\"width\":928,\"height\":619},{\"@type\":\"BreadcrumbList\",\"@id\":\"https:\\\/\\\/datatorq.wpcenter.io\\\/es\\\/esprinter-desvelando-los-pros-y-los-contras-de-la-nueva-furgoneta-electrica-de-mercedes\\\/#breadcrumb\",\"itemListElement\":[{\"@type\":\"ListItem\",\"position\":1,\"name\":\"Home\",\"item\":\"https:\\\/\\\/datatorq.wpcenter.io\\\/es\\\/accueil\\\/\"},{\"@type\":\"ListItem\",\"position\":2,\"name\":\"Insights\",\"item\":\"https:\\\/\\\/datatorq.wpcenter.io\\\/es\\\/insights\\\/\"},{\"@type\":\"ListItem\",\"position\":3,\"name\":\"eSprinter: Desvelando los pros y los contras de la nueva furgoneta el\u00e9ctrica de Mercedes\"}]},{\"@type\":\"WebSite\",\"@id\":\"https:\\\/\\\/datatorq.wpcenter.io\\\/es\\\/#website\",\"url\":\"https:\\\/\\\/datatorq.wpcenter.io\\\/es\\\/\",\"name\":\"DataTorq\",\"description\":\"\",\"publisher\":{\"@id\":\"https:\\\/\\\/datatorq.wpcenter.io\\\/es\\\/#organization\"},\"potentialAction\":[{\"@type\":\"SearchAction\",\"target\":{\"@type\":\"EntryPoint\",\"urlTemplate\":\"https:\\\/\\\/datatorq.wpcenter.io\\\/es\\\/?s={search_term_string}\"},\"query-input\":{\"@type\":\"PropertyValueSpecification\",\"valueRequired\":true,\"valueName\":\"search_term_string\"}}],\"inLanguage\":\"es\"},{\"@type\":\"Organization\",\"@id\":\"https:\\\/\\\/datatorq.wpcenter.io\\\/es\\\/#organization\",\"name\":\"DataTorq\",\"url\":\"https:\\\/\\\/datatorq.wpcenter.io\\\/es\\\/\",\"logo\":{\"@type\":\"ImageObject\",\"inLanguage\":\"es\",\"@id\":\"https:\\\/\\\/datatorq.wpcenter.io\\\/es\\\/#\\\/schema\\\/logo\\\/image\\\/\",\"url\":\"https:\\\/\\\/datatorq.wpcenter.io\\\/wp-content\\\/uploads\\\/2024\\\/03\\\/Logo-Datatorq-noir.svg\",\"contentUrl\":\"https:\\\/\\\/datatorq.wpcenter.io\\\/wp-content\\\/uploads\\\/2024\\\/03\\\/Logo-Datatorq-noir.svg\",\"width\":70,\"height\":25,\"caption\":\"DataTorq\"},\"image\":{\"@id\":\"https:\\\/\\\/datatorq.wpcenter.io\\\/es\\\/#\\\/schema\\\/logo\\\/image\\\/\"}},{\"@type\":\"Person\",\"@id\":\"https:\\\/\\\/datatorq.wpcenter.io\\\/es\\\/#\\\/schema\\\/person\\\/5a328b28488164088527d7a227b04440\",\"name\":\"Polat\",\"image\":{\"@type\":\"ImageObject\",\"inLanguage\":\"es\",\"@id\":\"https:\\\/\\\/secure.gravatar.com\\\/avatar\\\/1918c15d9ac33f8a238a8d42c92e371785a1c058f79c78cea65435064b28a3f0?s=96&d=mm&r=g\",\"url\":\"https:\\\/\\\/secure.gravatar.com\\\/avatar\\\/1918c15d9ac33f8a238a8d42c92e371785a1c058f79c78cea65435064b28a3f0?s=96&d=mm&r=g\",\"contentUrl\":\"https:\\\/\\\/secure.gravatar.com\\\/avatar\\\/1918c15d9ac33f8a238a8d42c92e371785a1c058f79c78cea65435064b28a3f0?s=96&d=mm&r=g\",\"caption\":\"Polat\"}}]}<\/script>\n<!-- \/ Yoast SEO plugin. -->","yoast_head_json":{"title":"eSprinter: Desvelando los pros y los contras de la nueva furgoneta el\u00e9ctrica de Mercedes - Datatorq.io","description":"El nuevo Mercedes-Benz eSprinter presenta una mezcla \u00fanica de puntos fuertes y d\u00e9biles. Para ayudarte a decidir si es la opci\u00f3n adecuada para tu flota, analicemos sus caracter\u00edsticas clave y sus posibles inconvenientes.","robots":{"index":"noindex","follow":"follow","max-snippet":"max-snippet:-1","max-image-preview":"max-image-preview:large","max-video-preview":"max-video-preview:-1"},"og_locale":"es_ES","og_type":"article","og_title":"eSprinter: Desvelando los pros y los contras de la nueva furgoneta el\u00e9ctrica de Mercedes - Datatorq.io","og_description":"El nuevo Mercedes-Benz eSprinter presenta una mezcla \u00fanica de puntos fuertes y d\u00e9biles. Para ayudarte a decidir si es la opci\u00f3n adecuada para tu flota, analicemos sus caracter\u00edsticas clave y sus posibles inconvenientes.","og_url":"https:\/\/datatorq.wpcenter.io\/es\/esprinter-desvelando-los-pros-y-los-contras-de-la-nueva-furgoneta-electrica-de-mercedes\/","og_site_name":"Datatorq.io","article_published_time":"2024-05-31T12:44:17+00:00","article_modified_time":"2024-09-04T13:17:56+00:00","og_image":[{"width":928,"height":619,"url":"https:\/\/datatorq.wpcenter.io\/wp-content\/uploads\/2024\/05\/preview-928x522-1.jpg","type":"image\/jpeg"}],"author":"Polat","twitter_card":"summary_large_image","twitter_misc":{"Escrito por":"Polat","Tiempo de lectura":"5 minutos"},"schema":{"@context":"https:\/\/schema.org","@graph":[{"@type":"Article","@id":"https:\/\/datatorq.wpcenter.io\/es\/esprinter-desvelando-los-pros-y-los-contras-de-la-nueva-furgoneta-electrica-de-mercedes\/#article","isPartOf":{"@id":"https:\/\/datatorq.wpcenter.io\/es\/esprinter-desvelando-los-pros-y-los-contras-de-la-nueva-furgoneta-electrica-de-mercedes\/"},"author":{"name":"Polat","@id":"https:\/\/datatorq.wpcenter.io\/es\/#\/schema\/person\/5a328b28488164088527d7a227b04440"},"headline":"eSprinter: Desvelando los pros y los contras de la nueva furgoneta el\u00e9ctrica de Mercedes","datePublished":"2024-05-31T12:44:17+00:00","dateModified":"2024-09-04T13:17:56+00:00","mainEntityOfPage":{"@id":"https:\/\/datatorq.wpcenter.io\/es\/esprinter-desvelando-los-pros-y-los-contras-de-la-nueva-furgoneta-electrica-de-mercedes\/"},"wordCount":1062,"commentCount":0,"publisher":{"@id":"https:\/\/datatorq.wpcenter.io\/es\/#organization"},"image":{"@id":"https:\/\/datatorq.wpcenter.io\/es\/esprinter-desvelando-los-pros-y-los-contras-de-la-nueva-furgoneta-electrica-de-mercedes\/#primaryimage"},"thumbnailUrl":"https:\/\/datatorq.wpcenter.io\/wp-content\/uploads\/2024\/05\/preview-928x522-1.jpg","keywords":["Mercedes"],"articleSection":["Insights"],"inLanguage":"es","potentialAction":[{"@type":"CommentAction","name":"Comment","target":["https:\/\/datatorq.wpcenter.io\/es\/esprinter-desvelando-los-pros-y-los-contras-de-la-nueva-furgoneta-electrica-de-mercedes\/#respond"]}]},{"@type":"WebPage","@id":"https:\/\/datatorq.wpcenter.io\/es\/esprinter-desvelando-los-pros-y-los-contras-de-la-nueva-furgoneta-electrica-de-mercedes\/","url":"https:\/\/datatorq.wpcenter.io\/es\/esprinter-desvelando-los-pros-y-los-contras-de-la-nueva-furgoneta-electrica-de-mercedes\/","name":"eSprinter: Desvelando los pros y los contras de la nueva furgoneta el\u00e9ctrica de Mercedes - Datatorq.io","isPartOf":{"@id":"https:\/\/datatorq.wpcenter.io\/es\/#website"},"primaryImageOfPage":{"@id":"https:\/\/datatorq.wpcenter.io\/es\/esprinter-desvelando-los-pros-y-los-contras-de-la-nueva-furgoneta-electrica-de-mercedes\/#primaryimage"},"image":{"@id":"https:\/\/datatorq.wpcenter.io\/es\/esprinter-desvelando-los-pros-y-los-contras-de-la-nueva-furgoneta-electrica-de-mercedes\/#primaryimage"},"thumbnailUrl":"https:\/\/datatorq.wpcenter.io\/wp-content\/uploads\/2024\/05\/preview-928x522-1.jpg","datePublished":"2024-05-31T12:44:17+00:00","dateModified":"2024-09-04T13:17:56+00:00","description":"El nuevo Mercedes-Benz eSprinter presenta una mezcla \u00fanica de puntos fuertes y d\u00e9biles. Para ayudarte a decidir si es la opci\u00f3n adecuada para tu flota, analicemos sus caracter\u00edsticas clave y sus posibles inconvenientes.","breadcrumb":{"@id":"https:\/\/datatorq.wpcenter.io\/es\/esprinter-desvelando-los-pros-y-los-contras-de-la-nueva-furgoneta-electrica-de-mercedes\/#breadcrumb"},"inLanguage":"es","potentialAction":[{"@type":"ReadAction","target":["https:\/\/datatorq.wpcenter.io\/es\/esprinter-desvelando-los-pros-y-los-contras-de-la-nueva-furgoneta-electrica-de-mercedes\/"]}]},{"@type":"ImageObject","inLanguage":"es","@id":"https:\/\/datatorq.wpcenter.io\/es\/esprinter-desvelando-los-pros-y-los-contras-de-la-nueva-furgoneta-electrica-de-mercedes\/#primaryimage","url":"https:\/\/datatorq.wpcenter.io\/wp-content\/uploads\/2024\/05\/preview-928x522-1.jpg","contentUrl":"https:\/\/datatorq.wpcenter.io\/wp-content\/uploads\/2024\/05\/preview-928x522-1.jpg","width":928,"height":619},{"@type":"BreadcrumbList","@id":"https:\/\/datatorq.wpcenter.io\/es\/esprinter-desvelando-los-pros-y-los-contras-de-la-nueva-furgoneta-electrica-de-mercedes\/#breadcrumb","itemListElement":[{"@type":"ListItem","position":1,"name":"Home","item":"https:\/\/datatorq.wpcenter.io\/es\/accueil\/"},{"@type":"ListItem","position":2,"name":"Insights","item":"https:\/\/datatorq.wpcenter.io\/es\/insights\/"},{"@type":"ListItem","position":3,"name":"eSprinter: Desvelando los pros y los contras de la nueva furgoneta el\u00e9ctrica de Mercedes"}]},{"@type":"WebSite","@id":"https:\/\/datatorq.wpcenter.io\/es\/#website","url":"https:\/\/datatorq.wpcenter.io\/es\/","name":"DataTorq","description":"","publisher":{"@id":"https:\/\/datatorq.wpcenter.io\/es\/#organization"},"potentialAction":[{"@type":"SearchAction","target":{"@type":"EntryPoint","urlTemplate":"https:\/\/datatorq.wpcenter.io\/es\/?s={search_term_string}"},"query-input":{"@type":"PropertyValueSpecification","valueRequired":true,"valueName":"search_term_string"}}],"inLanguage":"es"},{"@type":"Organization","@id":"https:\/\/datatorq.wpcenter.io\/es\/#organization","name":"DataTorq","url":"https:\/\/datatorq.wpcenter.io\/es\/","logo":{"@type":"ImageObject","inLanguage":"es","@id":"https:\/\/datatorq.wpcenter.io\/es\/#\/schema\/logo\/image\/","url":"https:\/\/datatorq.wpcenter.io\/wp-content\/uploads\/2024\/03\/Logo-Datatorq-noir.svg","contentUrl":"https:\/\/datatorq.wpcenter.io\/wp-content\/uploads\/2024\/03\/Logo-Datatorq-noir.svg","width":70,"height":25,"caption":"DataTorq"},"image":{"@id":"https:\/\/datatorq.wpcenter.io\/es\/#\/schema\/logo\/image\/"}},{"@type":"Person","@id":"https:\/\/datatorq.wpcenter.io\/es\/#\/schema\/person\/5a328b28488164088527d7a227b04440","name":"Polat","image":{"@type":"ImageObject","inLanguage":"es","@id":"https:\/\/secure.gravatar.com\/avatar\/1918c15d9ac33f8a238a8d42c92e371785a1c058f79c78cea65435064b28a3f0?s=96&d=mm&r=g","url":"https:\/\/secure.gravatar.com\/avatar\/1918c15d9ac33f8a238a8d42c92e371785a1c058f79c78cea65435064b28a3f0?s=96&d=mm&r=g","contentUrl":"https:\/\/secure.gravatar.com\/avatar\/1918c15d9ac33f8a238a8d42c92e371785a1c058f79c78cea65435064b28a3f0?s=96&d=mm&r=g","caption":"Polat"}}]}},"_links":{"self":[{"href":"https:\/\/datatorq.wpcenter.io\/es\/wp-json\/wp\/v2\/posts\/1870","targetHints":{"allow":["GET"]}}],"collection":[{"href":"https:\/\/datatorq.wpcenter.io\/es\/wp-json\/wp\/v2\/posts"}],"about":[{"href":"https:\/\/datatorq.wpcenter.io\/es\/wp-json\/wp\/v2\/types\/post"}],"author":[{"embeddable":true,"href":"https:\/\/datatorq.wpcenter.io\/es\/wp-json\/wp\/v2\/users\/7"}],"replies":[{"embeddable":true,"href":"https:\/\/datatorq.wpcenter.io\/es\/wp-json\/wp\/v2\/comments?post=1870"}],"version-history":[{"count":1,"href":"https:\/\/datatorq.wpcenter.io\/es\/wp-json\/wp\/v2\/posts\/1870\/revisions"}],"predecessor-version":[{"id":1871,"href":"https:\/\/datatorq.wpcenter.io\/es\/wp-json\/wp\/v2\/posts\/1870\/revisions\/1871"}],"wp:featuredmedia":[{"embeddable":true,"href":"https:\/\/datatorq.wpcenter.io\/es\/wp-json\/wp\/v2\/media\/1624"}],"wp:attachment":[{"href":"https:\/\/datatorq.wpcenter.io\/es\/wp-json\/wp\/v2\/media?parent=1870"}],"wp:term":[{"taxonomy":"category","embeddable":true,"href":"https:\/\/datatorq.wpcenter.io\/es\/wp-json\/wp\/v2\/categories?post=1870"},{"taxonomy":"post_tag","embeddable":true,"href":"https:\/\/datatorq.wpcenter.io\/es\/wp-json\/wp\/v2\/tags?post=1870"}],"curies":[{"name":"wp","href":"https:\/\/api.w.org\/{rel}","templated":true}]}}