{"id":2329,"date":"2024-09-13T09:48:34","date_gmt":"2024-09-13T08:48:34","guid":{"rendered":"https:\/\/datatorq.io\/ford-e-transit-custom-ed-e-tourneo-custom-innovazioni-elettriche-nella-gamma-veicoli-commerciali-e-passeggeri-di-ford\/"},"modified":"2026-02-09T15:31:08","modified_gmt":"2026-02-09T15:31:08","slug":"ford-e-transit-custom-ed-e-tourneo-custom-innovazioni-elettriche-nella-gamma-veicoli-commerciali-e-passeggeri-di-ford","status":"publish","type":"post","link":"https:\/\/datatorq.wpcenter.io\/it\/ford-e-transit-custom-ed-e-tourneo-custom-innovazioni-elettriche-nella-gamma-veicoli-commerciali-e-passeggeri-di-ford\/","title":{"rendered":"Ford E-Transit Custom ed E-Tourneo Custom: Innovazioni Elettriche nella Gamma Veicoli Commerciali e Passeggeri di Ford"},"content":{"rendered":"\n<p class=\"wp-block-paragraph\">Il panorama dei veicoli commerciali sta vivendo una rapida trasformazione. Spinto da nuove normative ambientali, dall\u2019aumento dei costi dei carburanti fossili e da un accesso sempre pi\u00f9 limitato ai centri urbani, il veicolo elettrico sta guadagnando terreno in diversi segmenti. Il settore dei veicoli commerciali leggeri (LCV) non fa eccezione.  <\/p>\n\n<p class=\"wp-block-paragraph\">Ford ha ampliato in modo significativo la propria gamma di veicoli commerciali elettrici con l\u2019introduzione dei modelli E-Transit Custom ed E-Tourneo Custom nel 2024, rivolgendosi ai segmenti dei furgoni elettrici medi e dei veicoli combi. Questi veicoli vantano un\u2019autonomia notevole, tempi di ricarica pi\u00f9 rapidi e prestazioni migliorate per soddisfare le esigenze delle attivit\u00e0 commerciali. Ma come si posizionano rispetto alla concorrenza? Nelle sezioni seguenti analizzeremo vantaggi e svantaggi di questi nuovi furgoni.   <\/p>\n\n<figure class=\"wp-block-image size-full is-resized\"><img loading=\"lazy\" decoding=\"async\" width=\"922\" height=\"496\" src=\"https:\/\/datatorq.wpcenter.io\/wp-content\/uploads\/2024\/09\/Screenshot-2024-09-13-at-14.38.29.png\" alt=\"\" class=\"wp-image-2183\" style=\"width:840px;height:auto\" srcset=\"https:\/\/datatorq.wpcenter.io\/wp-content\/uploads\/2024\/09\/Screenshot-2024-09-13-at-14.38.29.png 922w, https:\/\/datatorq.wpcenter.io\/wp-content\/uploads\/2024\/09\/Screenshot-2024-09-13-at-14.38.29-300x161.png 300w, https:\/\/datatorq.wpcenter.io\/wp-content\/uploads\/2024\/09\/Screenshot-2024-09-13-at-14.38.29-768x413.png 768w\" sizes=\"(max-width: 922px) 100vw, 922px\" \/><\/figure>\n\n<figure class=\"wp-block-image size-full\"><img loading=\"lazy\" decoding=\"async\" width=\"912\" height=\"501\" src=\"https:\/\/datatorq.wpcenter.io\/wp-content\/uploads\/2024\/09\/Screenshot-2024-09-13-at-14.39.14.png\" alt=\"\" class=\"wp-image-2189\" srcset=\"https:\/\/datatorq.wpcenter.io\/wp-content\/uploads\/2024\/09\/Screenshot-2024-09-13-at-14.39.14.png 912w, https:\/\/datatorq.wpcenter.io\/wp-content\/uploads\/2024\/09\/Screenshot-2024-09-13-at-14.39.14-300x165.png 300w, https:\/\/datatorq.wpcenter.io\/wp-content\/uploads\/2024\/09\/Screenshot-2024-09-13-at-14.39.14-768x422.png 768w\" sizes=\"(max-width: 912px) 100vw, 912px\" \/><\/figure>\n\n<h2 class=\"wp-block-heading\">Vantaggi<\/h2>\n\n<ul class=\"wp-block-list\">\n<li><strong>Batteria:<\/strong> E-Transit Custom ed E-Tourneo Custom offrono batterie da 64 kWh e 82,5 kWh. Sebbene alcune versioni top di gamma di Maxus e Vito Tourer possano offrire pacchi batteria leggermente pi\u00f9 grandi, l\u2019E-Transit Custom si distingue generalmente per avere la capacit\u00e0 maggiore nella sua categoria. <\/li>\n\n\n\n<li><strong>Ricarica:<\/strong> Entrambi i modelli supportano ricarica in corrente alternata (11 kW AC) e continua (125 kW DC) \u2013 in particolare la ricarica DC \u00e8 tra le pi\u00f9 rapide disponibili attualmente sul mercato (superata solo dal VW ID Buzz) ed \u00e8 di serie su tutte le versioni. Il caricatore DC consente una ricarica dal 10% all\u201980% in appena 39 minuti, mentre la ricarica AC permette il pieno a casa in circa 7,2 ore. <\/li>\n\n\n\n<li><strong>Motori:<\/strong> Ford ha dotato i suoi veicoli di un\u2019ampia gamma di motorizzazioni: 136 CV, 218 CV e 286 CV (quest\u2019ultima disponibile solo per l\u2019allestimento sportivo MS-RT) \u2013 Ford offre la gamma di motori pi\u00f9 potente e ampia nel segmento dei furgoni medi fino ad oggi.<\/li>\n\n\n\n<li><strong>Sistemi di Sicurezza:<\/strong> Come gli altri produttori, la nuova gamma elettrica media di Ford include tutte le dotazioni richieste dalle normative GSR2, tra cui:<ul><li>Avviso di collisione frontale con frenata automatica d\u2019emergenza (AEB)<\/li><\/ul><ul><li>Assistenza attiva al mantenimento di corsia<\/li><\/ul><ul><li>Assistente intelligente alla velocit\u00e0 con cruise control e riconoscimento dei segnali stradali<\/li><\/ul><ul><li>Assistenza all&#8217;attenzione del conducente<\/li><\/ul>\n<ul class=\"wp-block-list\">\n<li>Sistema di monitoraggio della pressione degli pneumatici (TPMS)<\/li>\n<\/ul>\n<\/li>\n<\/ul>\n\n<p class=\"wp-block-paragraph\">Inoltre, tutti i modelli a partire dalla versione base offrono sensori di parcheggio anteriori e posteriori, insieme alla telecamera posteriore.<\/p>\n\n<ul class=\"wp-block-list\">\n<li><strong>Sistema Multimediale:<\/strong> Tutti i modelli E-Transit Custom ed E-Tourneo Custom sono dotati di un sistema infotainment da 13\u201d con integrazione per smartphone, replicazione wireless e quadro strumenti digitale da 8\u201d. Una proposta superiore rispetto a quella della maggior parte dei concorrenti di Ford, i cui schermi raramente superano i 10\u201d (come su ID Buzz e Vito) e spesso si fermano a soli 5\u201d nelle versioni base (come per molti marchi del gruppo Stellantis). Il quadro strumenti digitale \u00e8 una novit\u00e0 per questo segmento, presente di serie solo su VW e alcuni brand Stellantis.  <\/li>\n\n\n\n<li><strong>Ulteriori Dotazioni di Sicurezza e Comfort: <\/strong>Entrambi i modelli sono dotati di climatizzatore automatico di serie gi\u00e0 dalla versione base \u2013 un vantaggio significativo rispetto ad altri marchi, dove questa dotazione non \u00e8 presente nemmeno su alcuni allestimenti superiori (Renault, Mercedes, Stellantis). Inoltre, tutti i modelli includono freno di stazionamento elettrico e parabrezza riscaldato di serie.   <\/li>\n\n\n\n<li><strong>Allestimenti:<\/strong> E-Transit Custom \u00e8 disponibile in 4 allestimenti, E-Tourneo Custom in 5 allestimenti, a seconda del mercato. Inoltre, l\u2019E-Transit Custom \u00e8 offerto in configurazione van, doppia cabina e trasporto persone. <\/li>\n<\/ul>\n\n<p class=\"wp-block-paragraph\"><\/p>\n\n<h2 class=\"wp-block-heading\">Svantaggi<\/h2>\n\n<ul class=\"wp-block-list\">\n<li><strong>Prezzo:<\/strong> Naturalmente, queste caratteristiche hanno un prezzo. A seconda del paese e dell\u2019offerta della concorrenza, anche la versione base di Ford pu\u00f2 costare da 5.000 \u20ac a 10.000 \u20ac in pi\u00f9 (prezzo consigliato al pubblico) rispetto alla base delle gamme Stellantis o Renault. Tuttavia, rimane comparabile a VW e Mercedes, offrendo comunque molto anche nei livelli base.  <\/li>\n<\/ul>\n\n<figure class=\"wp-block-table\"><table class=\"has-fixed-layout\"><tbody><tr><td><strong>Paese \/ Modello<\/strong><\/td><td class=\"has-text-align-center\" data-align=\"center\"><strong>Prezzo di partenza (IVA esclusa)<\/strong><\/td><\/tr><tr><td><strong>Francia<\/strong> E-Transit Custom<\/td><td class=\"has-text-align-center\" data-align=\"center\">\u20ac46330<\/td><\/tr><tr><td><strong>UK<\/strong> E-Transit Custom<\/td><td class=\"has-text-align-center\" data-align=\"center\">\u00a343380<\/td><\/tr><tr><td><strong>Germania<\/strong> E-Transit Custom<\/td><td class=\"has-text-align-center\" data-align=\"center\">\u20ac48700<\/td><\/tr><tr><td><strong>Francia <\/strong>E-Tourneo Custom<\/td><td class=\"has-text-align-center\" data-align=\"center\">\u20ac53820<\/td><\/tr><tr><td><strong>UK<\/strong> E-Tourneo Custom<\/td><td class=\"has-text-align-center\" data-align=\"center\">\u00a345385<\/td><\/tr><tr><td><strong>Germania<\/strong> E-Tourneo Custom<\/td><td class=\"has-text-align-center\" data-align=\"center\">\u20ac56150<\/td><\/tr><\/tbody><\/table><\/figure>\n\n<ul class=\"wp-block-list\">\n<li><strong>Airbag E-Transit Custom:<\/strong> Mentre altri marchi offrono una protezione maggiore per i passeggeri, Ford non include di serie l\u2019airbag passeggero nella versione base.<\/li>\n\n\n\n<li><strong>Capacit\u00e0 di carico:<\/strong> A causa del peso della batteria, la capacit\u00e0 di carico \u00e8 inferiore rispetto ad alcuni concorrenti diesel, il che potrebbe essere un limite per alcuni tipi di trasporto. Questo vale anche per molti veicoli elettrici in generale. <\/li>\n\n\n\n<li><strong>Dimensione batteria vs. autonomia: <\/strong>Sebbene, come gi\u00e0 detto, Ford offra alcune delle batterie pi\u00f9 grandi nel segmento, ci\u00f2 non si traduce sempre in un\u2019autonomia superiore rispetto ai concorrenti.<\/li>\n<\/ul>\n\n<figure class=\"wp-block-table\"><table><tbody><tr><td><\/td><td class=\"has-text-align-center\" data-align=\"center\"><strong>Ford<\/strong><\/td><td class=\"has-text-align-center\" data-align=\"center\"><strong>Renault<\/strong><\/td><td class=\"has-text-align-center\" data-align=\"center\"><strong>Mercedes<\/strong><\/td><td class=\"has-text-align-center\" data-align=\"center\"><strong>VW<\/strong><\/td><td class=\"has-text-align-center\" data-align=\"center\"><strong>Peugeot<\/strong><\/td><td class=\"has-text-align-center\" data-align=\"center\"><strong>Maxus<\/strong><\/td><td class=\"has-text-align-center\" data-align=\"center\"><strong>Toyota<\/strong><\/td><\/tr><tr><td>Dimensioni massime della batteria (kWh) <\/td><td class=\"has-text-align-center\" data-align=\"center\">82.5<\/td><td class=\"has-text-align-center\" data-align=\"center\">52<\/td><td class=\"has-text-align-center\" data-align=\"center\">90<\/td><td class=\"has-text-align-center\" data-align=\"center\">86<\/td><td class=\"has-text-align-center\" data-align=\"center\">75<\/td><td class=\"has-text-align-center\" data-align=\"center\">88<\/td><td class=\"has-text-align-center\" data-align=\"center\">75<\/td><\/tr><tr><td>Autonomia, combinata (km)*<\/td><td class=\"has-text-align-center\" data-align=\"center\">327<\/td><td class=\"has-text-align-center\" data-align=\"center\">297<\/td><td class=\"has-text-align-center\" data-align=\"center\">371<\/td><td class=\"has-text-align-center\" data-align=\"center\">485<\/td><td class=\"has-text-align-center\" data-align=\"center\">352<\/td><td class=\"has-text-align-center\" data-align=\"center\">370<\/td><td class=\"has-text-align-center\" data-align=\"center\">352<\/td><\/tr><\/tbody><\/table><figcaption class=\"wp-element-caption\">* a seconda del paese i numeri possono variare leggermente<\/figcaption><\/figure>\n\n<p class=\"wp-block-paragraph\">Ford E-Transit Custom ed E-Tourneo Custom rappresentano un passo importante nella strategia elettrica di Ford, unendo praticit\u00e0 e tecnologia a zero emissioni in un pacchetto che pu\u00f2 attirare sia utenti commerciali che privati. Con propulsori elettrici avanzati, dotazioni di connettivit\u00e0 complete e un design pensato per il comfort, questi veicoli si posizionano in modo competitivo, specialmente per chi cerca un veicolo ben equipaggiato gi\u00e0 dalla versione base \u2013 anche se tutto questo ha un prezzo. <\/p>\n\n<p class=\"wp-block-paragraph\">Nel complesso, Ford E-Transit Custom ed E-Tourneo Custom segnano un importante passo avanti nella strategia Ford sui veicoli elettrici, combinando praticit\u00e0 e tecnologia a zero emissioni in un pacchetto che dovrebbe piacere sia agli utenti commerciali sia a quelli privati.<\/p>\n\n<p class=\"wp-block-paragraph\">Hai bisogno di un\u2019analisi approfondita dell\u2019E-Transit Custom o dell\u2019E-Tourneo Custom rispetto alla concorrenza nel tuo mercato? Il nostro Strumento di Indice Prezzo consente di confrontare oltre 200 parametri per valutare il posizionamento di ogni modello nel mercato. <\/p>\n\n<div class=\"wp-block-buttons is-layout-flex wp-block-buttons-is-layout-flex\">\n<div class=\"wp-block-button\"><a class=\"wp-block-button__link wp-element-button\" href=\"https:\/\/datatorq.wpcenter.io\/it\/contattaci\/\">Contattaci oggi<\/a><\/div>\n<\/div>\n\n<p class=\"wp-block-paragraph\"><\/p>\n","protected":false},"excerpt":{"rendered":"<p>Il panorama dei veicoli commerciali sta vivendo una rapida trasformazione. Spinto da nuove normative ambientali, dall\u2019aumento dei costi dei carburanti fossili e da un accesso sempre pi\u00f9 limitato ai centri urbani, il veicolo elettrico sta guadagnando terreno in diversi segmenti. Il settore dei veicoli commerciali leggeri (LCV) non fa eccezione. Ford ha ampliato in modo [&hellip;]<\/p>\n","protected":false},"author":7,"featured_media":2133,"comment_status":"open","ping_status":"open","sticky":false,"template":"","format":"standard","meta":{"_acf_changed":false,"footnotes":""},"categories":[25],"tags":[],"class_list":["post-2329","post","type-post","status-publish","format-standard","has-post-thumbnail","hentry","category-insights"],"acf":[],"yoast_head":"<!-- This site is optimized with the Yoast SEO plugin v28.1 - https:\/\/yoast.com\/product\/yoast-seo-wordpress\/ -->\n<title>Ford E-Transit Custom ed E-Tourneo Custom: Innovazioni Elettriche nella Gamma Veicoli Commerciali e Passeggeri di Ford - Datatorq.io<\/title>\n<meta name=\"description\" content=\"Questi veicoli vantano un&#039;autonomia della batteria impressionante, tempi di ricarica pi\u00f9 rapidi e capacit\u00e0 migliorate per soddisfare le esigenze delle attivit\u00e0 commerciali. Continua a leggere per scoprire come si confrontano con la concorrenza.\" \/>\n<meta name=\"robots\" content=\"noindex, follow, max-snippet:-1, max-image-preview:large, max-video-preview:-1\" \/>\n<meta property=\"og:locale\" content=\"it_IT\" \/>\n<meta property=\"og:type\" content=\"article\" \/>\n<meta property=\"og:title\" content=\"Ford E-Transit Custom ed E-Tourneo Custom: Innovazioni Elettriche nella Gamma Veicoli Commerciali e Passeggeri di Ford - Datatorq.io\" \/>\n<meta property=\"og:description\" content=\"Questi veicoli vantano un&#039;autonomia della batteria impressionante, tempi di ricarica pi\u00f9 rapidi e capacit\u00e0 migliorate per soddisfare le esigenze delle attivit\u00e0 commerciali. Continua a leggere per scoprire come si confrontano con la concorrenza.\" \/>\n<meta property=\"og:url\" content=\"https:\/\/datatorq.wpcenter.io\/it\/ford-e-transit-custom-ed-e-tourneo-custom-innovazioni-elettriche-nella-gamma-veicoli-commerciali-e-passeggeri-di-ford\/\" \/>\n<meta property=\"og:site_name\" content=\"Datatorq.io\" \/>\n<meta property=\"article:published_time\" content=\"2024-09-13T08:48:34+00:00\" \/>\n<meta property=\"article:modified_time\" content=\"2026-02-09T15:31:08+00:00\" \/>\n<meta property=\"og:image\" content=\"https:\/\/datatorq.wpcenter.io\/wp-content\/uploads\/2024\/06\/FordE-TransitCustom_Limited_Van_Digital_Aqua_Blue_6-scaled.jpg\" \/>\n\t<meta property=\"og:image:width\" content=\"2560\" \/>\n\t<meta property=\"og:image:height\" content=\"1707\" \/>\n\t<meta property=\"og:image:type\" content=\"image\/jpeg\" \/>\n<meta name=\"author\" content=\"Polat\" \/>\n<meta name=\"twitter:card\" content=\"summary_large_image\" \/>\n<meta name=\"twitter:label1\" content=\"Scritto da\" \/>\n\t<meta name=\"twitter:data1\" content=\"Polat\" \/>\n\t<meta name=\"twitter:label2\" content=\"Tempo di lettura stimato\" \/>\n\t<meta name=\"twitter:data2\" content=\"4 minuti\" \/>\n<script type=\"application\/ld+json\" class=\"yoast-schema-graph\">{\"@context\":\"https:\\\/\\\/schema.org\",\"@graph\":[{\"@type\":\"Article\",\"@id\":\"https:\\\/\\\/datatorq.wpcenter.io\\\/it\\\/ford-e-transit-custom-ed-e-tourneo-custom-innovazioni-elettriche-nella-gamma-veicoli-commerciali-e-passeggeri-di-ford\\\/#article\",\"isPartOf\":{\"@id\":\"https:\\\/\\\/datatorq.wpcenter.io\\\/it\\\/ford-e-transit-custom-ed-e-tourneo-custom-innovazioni-elettriche-nella-gamma-veicoli-commerciali-e-passeggeri-di-ford\\\/\"},\"author\":{\"name\":\"Polat\",\"@id\":\"https:\\\/\\\/datatorq.wpcenter.io\\\/it\\\/#\\\/schema\\\/person\\\/5a328b28488164088527d7a227b04440\"},\"headline\":\"Ford E-Transit Custom ed E-Tourneo Custom: Innovazioni Elettriche nella Gamma Veicoli Commerciali e Passeggeri di Ford\",\"datePublished\":\"2024-09-13T08:48:34+00:00\",\"dateModified\":\"2026-02-09T15:31:08+00:00\",\"mainEntityOfPage\":{\"@id\":\"https:\\\/\\\/datatorq.wpcenter.io\\\/it\\\/ford-e-transit-custom-ed-e-tourneo-custom-innovazioni-elettriche-nella-gamma-veicoli-commerciali-e-passeggeri-di-ford\\\/\"},\"wordCount\":899,\"commentCount\":0,\"publisher\":{\"@id\":\"https:\\\/\\\/datatorq.wpcenter.io\\\/it\\\/#organization\"},\"image\":{\"@id\":\"https:\\\/\\\/datatorq.wpcenter.io\\\/it\\\/ford-e-transit-custom-ed-e-tourneo-custom-innovazioni-elettriche-nella-gamma-veicoli-commerciali-e-passeggeri-di-ford\\\/#primaryimage\"},\"thumbnailUrl\":\"https:\\\/\\\/datatorq.wpcenter.io\\\/wp-content\\\/uploads\\\/2024\\\/06\\\/FordE-TransitCustom_Limited_Van_Digital_Aqua_Blue_6-scaled.jpg\",\"articleSection\":[\"Insights\"],\"inLanguage\":\"it-IT\",\"potentialAction\":[{\"@type\":\"CommentAction\",\"name\":\"Comment\",\"target\":[\"https:\\\/\\\/datatorq.wpcenter.io\\\/it\\\/ford-e-transit-custom-ed-e-tourneo-custom-innovazioni-elettriche-nella-gamma-veicoli-commerciali-e-passeggeri-di-ford\\\/#respond\"]}]},{\"@type\":\"WebPage\",\"@id\":\"https:\\\/\\\/datatorq.wpcenter.io\\\/it\\\/ford-e-transit-custom-ed-e-tourneo-custom-innovazioni-elettriche-nella-gamma-veicoli-commerciali-e-passeggeri-di-ford\\\/\",\"url\":\"https:\\\/\\\/datatorq.wpcenter.io\\\/it\\\/ford-e-transit-custom-ed-e-tourneo-custom-innovazioni-elettriche-nella-gamma-veicoli-commerciali-e-passeggeri-di-ford\\\/\",\"name\":\"Ford E-Transit Custom ed E-Tourneo Custom: Innovazioni Elettriche nella Gamma Veicoli Commerciali e Passeggeri di Ford - Datatorq.io\",\"isPartOf\":{\"@id\":\"https:\\\/\\\/datatorq.wpcenter.io\\\/it\\\/#website\"},\"primaryImageOfPage\":{\"@id\":\"https:\\\/\\\/datatorq.wpcenter.io\\\/it\\\/ford-e-transit-custom-ed-e-tourneo-custom-innovazioni-elettriche-nella-gamma-veicoli-commerciali-e-passeggeri-di-ford\\\/#primaryimage\"},\"image\":{\"@id\":\"https:\\\/\\\/datatorq.wpcenter.io\\\/it\\\/ford-e-transit-custom-ed-e-tourneo-custom-innovazioni-elettriche-nella-gamma-veicoli-commerciali-e-passeggeri-di-ford\\\/#primaryimage\"},\"thumbnailUrl\":\"https:\\\/\\\/datatorq.wpcenter.io\\\/wp-content\\\/uploads\\\/2024\\\/06\\\/FordE-TransitCustom_Limited_Van_Digital_Aqua_Blue_6-scaled.jpg\",\"datePublished\":\"2024-09-13T08:48:34+00:00\",\"dateModified\":\"2026-02-09T15:31:08+00:00\",\"description\":\"Questi veicoli vantano un'autonomia della batteria impressionante, tempi di ricarica pi\u00f9 rapidi e capacit\u00e0 migliorate per soddisfare le esigenze delle attivit\u00e0 commerciali. Continua a leggere per scoprire come si confrontano con la concorrenza.\",\"breadcrumb\":{\"@id\":\"https:\\\/\\\/datatorq.wpcenter.io\\\/it\\\/ford-e-transit-custom-ed-e-tourneo-custom-innovazioni-elettriche-nella-gamma-veicoli-commerciali-e-passeggeri-di-ford\\\/#breadcrumb\"},\"inLanguage\":\"it-IT\",\"potentialAction\":[{\"@type\":\"ReadAction\",\"target\":[\"https:\\\/\\\/datatorq.wpcenter.io\\\/it\\\/ford-e-transit-custom-ed-e-tourneo-custom-innovazioni-elettriche-nella-gamma-veicoli-commerciali-e-passeggeri-di-ford\\\/\"]}]},{\"@type\":\"ImageObject\",\"inLanguage\":\"it-IT\",\"@id\":\"https:\\\/\\\/datatorq.wpcenter.io\\\/it\\\/ford-e-transit-custom-ed-e-tourneo-custom-innovazioni-elettriche-nella-gamma-veicoli-commerciali-e-passeggeri-di-ford\\\/#primaryimage\",\"url\":\"https:\\\/\\\/datatorq.wpcenter.io\\\/wp-content\\\/uploads\\\/2024\\\/06\\\/FordE-TransitCustom_Limited_Van_Digital_Aqua_Blue_6-scaled.jpg\",\"contentUrl\":\"https:\\\/\\\/datatorq.wpcenter.io\\\/wp-content\\\/uploads\\\/2024\\\/06\\\/FordE-TransitCustom_Limited_Van_Digital_Aqua_Blue_6-scaled.jpg\",\"width\":2560,\"height\":1707,\"caption\":\"New Ford E-Transit Custom benchmark\"},{\"@type\":\"BreadcrumbList\",\"@id\":\"https:\\\/\\\/datatorq.wpcenter.io\\\/it\\\/ford-e-transit-custom-ed-e-tourneo-custom-innovazioni-elettriche-nella-gamma-veicoli-commerciali-e-passeggeri-di-ford\\\/#breadcrumb\",\"itemListElement\":[{\"@type\":\"ListItem\",\"position\":1,\"name\":\"Home\",\"item\":\"https:\\\/\\\/datatorq.wpcenter.io\\\/it\\\/accueil\\\/\"},{\"@type\":\"ListItem\",\"position\":2,\"name\":\"Insights\",\"item\":\"https:\\\/\\\/datatorq.wpcenter.io\\\/it\\\/insights\\\/\"},{\"@type\":\"ListItem\",\"position\":3,\"name\":\"Ford E-Transit Custom ed E-Tourneo Custom: Innovazioni Elettriche nella Gamma Veicoli Commerciali e Passeggeri di Ford\"}]},{\"@type\":\"WebSite\",\"@id\":\"https:\\\/\\\/datatorq.wpcenter.io\\\/it\\\/#website\",\"url\":\"https:\\\/\\\/datatorq.wpcenter.io\\\/it\\\/\",\"name\":\"DataTorq\",\"description\":\"\",\"publisher\":{\"@id\":\"https:\\\/\\\/datatorq.wpcenter.io\\\/it\\\/#organization\"},\"potentialAction\":[{\"@type\":\"SearchAction\",\"target\":{\"@type\":\"EntryPoint\",\"urlTemplate\":\"https:\\\/\\\/datatorq.wpcenter.io\\\/it\\\/?s={search_term_string}\"},\"query-input\":{\"@type\":\"PropertyValueSpecification\",\"valueRequired\":true,\"valueName\":\"search_term_string\"}}],\"inLanguage\":\"it-IT\"},{\"@type\":\"Organization\",\"@id\":\"https:\\\/\\\/datatorq.wpcenter.io\\\/it\\\/#organization\",\"name\":\"DataTorq\",\"url\":\"https:\\\/\\\/datatorq.wpcenter.io\\\/it\\\/\",\"logo\":{\"@type\":\"ImageObject\",\"inLanguage\":\"it-IT\",\"@id\":\"https:\\\/\\\/datatorq.wpcenter.io\\\/it\\\/#\\\/schema\\\/logo\\\/image\\\/\",\"url\":\"https:\\\/\\\/datatorq.wpcenter.io\\\/wp-content\\\/uploads\\\/2024\\\/03\\\/Logo-Datatorq-noir.svg\",\"contentUrl\":\"https:\\\/\\\/datatorq.wpcenter.io\\\/wp-content\\\/uploads\\\/2024\\\/03\\\/Logo-Datatorq-noir.svg\",\"width\":70,\"height\":25,\"caption\":\"DataTorq\"},\"image\":{\"@id\":\"https:\\\/\\\/datatorq.wpcenter.io\\\/it\\\/#\\\/schema\\\/logo\\\/image\\\/\"}},{\"@type\":\"Person\",\"@id\":\"https:\\\/\\\/datatorq.wpcenter.io\\\/it\\\/#\\\/schema\\\/person\\\/5a328b28488164088527d7a227b04440\",\"name\":\"Polat\",\"image\":{\"@type\":\"ImageObject\",\"inLanguage\":\"it-IT\",\"@id\":\"https:\\\/\\\/secure.gravatar.com\\\/avatar\\\/1918c15d9ac33f8a238a8d42c92e371785a1c058f79c78cea65435064b28a3f0?s=96&d=mm&r=g\",\"url\":\"https:\\\/\\\/secure.gravatar.com\\\/avatar\\\/1918c15d9ac33f8a238a8d42c92e371785a1c058f79c78cea65435064b28a3f0?s=96&d=mm&r=g\",\"contentUrl\":\"https:\\\/\\\/secure.gravatar.com\\\/avatar\\\/1918c15d9ac33f8a238a8d42c92e371785a1c058f79c78cea65435064b28a3f0?s=96&d=mm&r=g\",\"caption\":\"Polat\"}}]}<\/script>\n<!-- \/ Yoast SEO plugin. -->","yoast_head_json":{"title":"Ford E-Transit Custom ed E-Tourneo Custom: Innovazioni Elettriche nella Gamma Veicoli Commerciali e Passeggeri di Ford - Datatorq.io","description":"Questi veicoli vantano un'autonomia della batteria impressionante, tempi di ricarica pi\u00f9 rapidi e capacit\u00e0 migliorate per soddisfare le esigenze delle attivit\u00e0 commerciali. Continua a leggere per scoprire come si confrontano con la concorrenza.","robots":{"index":"noindex","follow":"follow","max-snippet":"max-snippet:-1","max-image-preview":"max-image-preview:large","max-video-preview":"max-video-preview:-1"},"og_locale":"it_IT","og_type":"article","og_title":"Ford E-Transit Custom ed E-Tourneo Custom: Innovazioni Elettriche nella Gamma Veicoli Commerciali e Passeggeri di Ford - Datatorq.io","og_description":"Questi veicoli vantano un'autonomia della batteria impressionante, tempi di ricarica pi\u00f9 rapidi e capacit\u00e0 migliorate per soddisfare le esigenze delle attivit\u00e0 commerciali. Continua a leggere per scoprire come si confrontano con la concorrenza.","og_url":"https:\/\/datatorq.wpcenter.io\/it\/ford-e-transit-custom-ed-e-tourneo-custom-innovazioni-elettriche-nella-gamma-veicoli-commerciali-e-passeggeri-di-ford\/","og_site_name":"Datatorq.io","article_published_time":"2024-09-13T08:48:34+00:00","article_modified_time":"2026-02-09T15:31:08+00:00","og_image":[{"width":2560,"height":1707,"url":"https:\/\/datatorq.wpcenter.io\/wp-content\/uploads\/2024\/06\/FordE-TransitCustom_Limited_Van_Digital_Aqua_Blue_6-scaled.jpg","type":"image\/jpeg"}],"author":"Polat","twitter_card":"summary_large_image","twitter_misc":{"Scritto da":"Polat","Tempo di lettura stimato":"4 minuti"},"schema":{"@context":"https:\/\/schema.org","@graph":[{"@type":"Article","@id":"https:\/\/datatorq.wpcenter.io\/it\/ford-e-transit-custom-ed-e-tourneo-custom-innovazioni-elettriche-nella-gamma-veicoli-commerciali-e-passeggeri-di-ford\/#article","isPartOf":{"@id":"https:\/\/datatorq.wpcenter.io\/it\/ford-e-transit-custom-ed-e-tourneo-custom-innovazioni-elettriche-nella-gamma-veicoli-commerciali-e-passeggeri-di-ford\/"},"author":{"name":"Polat","@id":"https:\/\/datatorq.wpcenter.io\/it\/#\/schema\/person\/5a328b28488164088527d7a227b04440"},"headline":"Ford E-Transit Custom ed E-Tourneo Custom: Innovazioni Elettriche nella Gamma Veicoli Commerciali e Passeggeri di Ford","datePublished":"2024-09-13T08:48:34+00:00","dateModified":"2026-02-09T15:31:08+00:00","mainEntityOfPage":{"@id":"https:\/\/datatorq.wpcenter.io\/it\/ford-e-transit-custom-ed-e-tourneo-custom-innovazioni-elettriche-nella-gamma-veicoli-commerciali-e-passeggeri-di-ford\/"},"wordCount":899,"commentCount":0,"publisher":{"@id":"https:\/\/datatorq.wpcenter.io\/it\/#organization"},"image":{"@id":"https:\/\/datatorq.wpcenter.io\/it\/ford-e-transit-custom-ed-e-tourneo-custom-innovazioni-elettriche-nella-gamma-veicoli-commerciali-e-passeggeri-di-ford\/#primaryimage"},"thumbnailUrl":"https:\/\/datatorq.wpcenter.io\/wp-content\/uploads\/2024\/06\/FordE-TransitCustom_Limited_Van_Digital_Aqua_Blue_6-scaled.jpg","articleSection":["Insights"],"inLanguage":"it-IT","potentialAction":[{"@type":"CommentAction","name":"Comment","target":["https:\/\/datatorq.wpcenter.io\/it\/ford-e-transit-custom-ed-e-tourneo-custom-innovazioni-elettriche-nella-gamma-veicoli-commerciali-e-passeggeri-di-ford\/#respond"]}]},{"@type":"WebPage","@id":"https:\/\/datatorq.wpcenter.io\/it\/ford-e-transit-custom-ed-e-tourneo-custom-innovazioni-elettriche-nella-gamma-veicoli-commerciali-e-passeggeri-di-ford\/","url":"https:\/\/datatorq.wpcenter.io\/it\/ford-e-transit-custom-ed-e-tourneo-custom-innovazioni-elettriche-nella-gamma-veicoli-commerciali-e-passeggeri-di-ford\/","name":"Ford E-Transit Custom ed E-Tourneo Custom: Innovazioni Elettriche nella Gamma Veicoli Commerciali e Passeggeri di Ford - Datatorq.io","isPartOf":{"@id":"https:\/\/datatorq.wpcenter.io\/it\/#website"},"primaryImageOfPage":{"@id":"https:\/\/datatorq.wpcenter.io\/it\/ford-e-transit-custom-ed-e-tourneo-custom-innovazioni-elettriche-nella-gamma-veicoli-commerciali-e-passeggeri-di-ford\/#primaryimage"},"image":{"@id":"https:\/\/datatorq.wpcenter.io\/it\/ford-e-transit-custom-ed-e-tourneo-custom-innovazioni-elettriche-nella-gamma-veicoli-commerciali-e-passeggeri-di-ford\/#primaryimage"},"thumbnailUrl":"https:\/\/datatorq.wpcenter.io\/wp-content\/uploads\/2024\/06\/FordE-TransitCustom_Limited_Van_Digital_Aqua_Blue_6-scaled.jpg","datePublished":"2024-09-13T08:48:34+00:00","dateModified":"2026-02-09T15:31:08+00:00","description":"Questi veicoli vantano un'autonomia della batteria impressionante, tempi di ricarica pi\u00f9 rapidi e capacit\u00e0 migliorate per soddisfare le esigenze delle attivit\u00e0 commerciali. Continua a leggere per scoprire come si confrontano con la concorrenza.","breadcrumb":{"@id":"https:\/\/datatorq.wpcenter.io\/it\/ford-e-transit-custom-ed-e-tourneo-custom-innovazioni-elettriche-nella-gamma-veicoli-commerciali-e-passeggeri-di-ford\/#breadcrumb"},"inLanguage":"it-IT","potentialAction":[{"@type":"ReadAction","target":["https:\/\/datatorq.wpcenter.io\/it\/ford-e-transit-custom-ed-e-tourneo-custom-innovazioni-elettriche-nella-gamma-veicoli-commerciali-e-passeggeri-di-ford\/"]}]},{"@type":"ImageObject","inLanguage":"it-IT","@id":"https:\/\/datatorq.wpcenter.io\/it\/ford-e-transit-custom-ed-e-tourneo-custom-innovazioni-elettriche-nella-gamma-veicoli-commerciali-e-passeggeri-di-ford\/#primaryimage","url":"https:\/\/datatorq.wpcenter.io\/wp-content\/uploads\/2024\/06\/FordE-TransitCustom_Limited_Van_Digital_Aqua_Blue_6-scaled.jpg","contentUrl":"https:\/\/datatorq.wpcenter.io\/wp-content\/uploads\/2024\/06\/FordE-TransitCustom_Limited_Van_Digital_Aqua_Blue_6-scaled.jpg","width":2560,"height":1707,"caption":"New Ford E-Transit Custom benchmark"},{"@type":"BreadcrumbList","@id":"https:\/\/datatorq.wpcenter.io\/it\/ford-e-transit-custom-ed-e-tourneo-custom-innovazioni-elettriche-nella-gamma-veicoli-commerciali-e-passeggeri-di-ford\/#breadcrumb","itemListElement":[{"@type":"ListItem","position":1,"name":"Home","item":"https:\/\/datatorq.wpcenter.io\/it\/accueil\/"},{"@type":"ListItem","position":2,"name":"Insights","item":"https:\/\/datatorq.wpcenter.io\/it\/insights\/"},{"@type":"ListItem","position":3,"name":"Ford E-Transit Custom ed E-Tourneo Custom: Innovazioni Elettriche nella Gamma Veicoli Commerciali e Passeggeri di Ford"}]},{"@type":"WebSite","@id":"https:\/\/datatorq.wpcenter.io\/it\/#website","url":"https:\/\/datatorq.wpcenter.io\/it\/","name":"DataTorq","description":"","publisher":{"@id":"https:\/\/datatorq.wpcenter.io\/it\/#organization"},"potentialAction":[{"@type":"SearchAction","target":{"@type":"EntryPoint","urlTemplate":"https:\/\/datatorq.wpcenter.io\/it\/?s={search_term_string}"},"query-input":{"@type":"PropertyValueSpecification","valueRequired":true,"valueName":"search_term_string"}}],"inLanguage":"it-IT"},{"@type":"Organization","@id":"https:\/\/datatorq.wpcenter.io\/it\/#organization","name":"DataTorq","url":"https:\/\/datatorq.wpcenter.io\/it\/","logo":{"@type":"ImageObject","inLanguage":"it-IT","@id":"https:\/\/datatorq.wpcenter.io\/it\/#\/schema\/logo\/image\/","url":"https:\/\/datatorq.wpcenter.io\/wp-content\/uploads\/2024\/03\/Logo-Datatorq-noir.svg","contentUrl":"https:\/\/datatorq.wpcenter.io\/wp-content\/uploads\/2024\/03\/Logo-Datatorq-noir.svg","width":70,"height":25,"caption":"DataTorq"},"image":{"@id":"https:\/\/datatorq.wpcenter.io\/it\/#\/schema\/logo\/image\/"}},{"@type":"Person","@id":"https:\/\/datatorq.wpcenter.io\/it\/#\/schema\/person\/5a328b28488164088527d7a227b04440","name":"Polat","image":{"@type":"ImageObject","inLanguage":"it-IT","@id":"https:\/\/secure.gravatar.com\/avatar\/1918c15d9ac33f8a238a8d42c92e371785a1c058f79c78cea65435064b28a3f0?s=96&d=mm&r=g","url":"https:\/\/secure.gravatar.com\/avatar\/1918c15d9ac33f8a238a8d42c92e371785a1c058f79c78cea65435064b28a3f0?s=96&d=mm&r=g","contentUrl":"https:\/\/secure.gravatar.com\/avatar\/1918c15d9ac33f8a238a8d42c92e371785a1c058f79c78cea65435064b28a3f0?s=96&d=mm&r=g","caption":"Polat"}}]}},"_links":{"self":[{"href":"https:\/\/datatorq.wpcenter.io\/it\/wp-json\/wp\/v2\/posts\/2329","targetHints":{"allow":["GET"]}}],"collection":[{"href":"https:\/\/datatorq.wpcenter.io\/it\/wp-json\/wp\/v2\/posts"}],"about":[{"href":"https:\/\/datatorq.wpcenter.io\/it\/wp-json\/wp\/v2\/types\/post"}],"author":[{"embeddable":true,"href":"https:\/\/datatorq.wpcenter.io\/it\/wp-json\/wp\/v2\/users\/7"}],"replies":[{"embeddable":true,"href":"https:\/\/datatorq.wpcenter.io\/it\/wp-json\/wp\/v2\/comments?post=2329"}],"version-history":[{"count":1,"href":"https:\/\/datatorq.wpcenter.io\/it\/wp-json\/wp\/v2\/posts\/2329\/revisions"}],"predecessor-version":[{"id":2330,"href":"https:\/\/datatorq.wpcenter.io\/it\/wp-json\/wp\/v2\/posts\/2329\/revisions\/2330"}],"wp:featuredmedia":[{"embeddable":true,"href":"https:\/\/datatorq.wpcenter.io\/it\/wp-json\/wp\/v2\/media\/2133"}],"wp:attachment":[{"href":"https:\/\/datatorq.wpcenter.io\/it\/wp-json\/wp\/v2\/media?parent=2329"}],"wp:term":[{"taxonomy":"category","embeddable":true,"href":"https:\/\/datatorq.wpcenter.io\/it\/wp-json\/wp\/v2\/categories?post=2329"},{"taxonomy":"post_tag","embeddable":true,"href":"https:\/\/datatorq.wpcenter.io\/it\/wp-json\/wp\/v2\/tags?post=2329"}],"curies":[{"name":"wp","href":"https:\/\/api.w.org\/{rel}","templated":true}]}}